{"id":1122,"date":"2014-03-08T00:35:00","date_gmt":"2014-03-07T23:35:00","guid":{"rendered":"http:\/\/f1.manbos.com\/blog\/?p=1122"},"modified":"2018-05-04T19:43:35","modified_gmt":"2018-05-04T17:43:35","slug":"jarama-12-de-mayo-de-1968","status":"publish","type":"post","link":"https:\/\/f1cfa.com\/wordpress\/index.php\/jarama-12-de-mayo-de-1968\/","title":{"rendered":"Jarama, 12 de mayo de 1968"},"content":{"rendered":"<p style=\"text-align: right;\"><span style=\"color: #0000ff;\"><strong><i>Johnny Rives\u00a0<\/i><i>(*)<\/i><\/strong>\u00a0\/ Sport Auto \u2013 Febrero 2014<\/span><\/p>\n<h3 style=\"text-align: justify;\"><em><span style=\"line-height: 1.5;\">Cinco semanas despu\u00e9s del accidente mortal de Jim Clark, Lotus obten\u00eda con Graham Hill la victoria en un gran premio de Espa\u00f1a en el que hab\u00edan destacado Jean-Pierre Beltoise y Chris Amon. Era el comienzo de una nueva era.<\/span><\/em><\/h3>\n<p style=\"text-align: justify;\"><strong><a href=\"http:\/\/f1.manbos.com\/blog\/wp-content\/uploads\/2014\/03\/1968-Jarama-Cartel.jpg\"><img decoding=\"async\" loading=\"lazy\" class=\"alignright size-full wp-image-1125\" alt=\"1968 - Jarama - Cartel\" src=\"http:\/\/f1.manbos.com\/blog\/wp-content\/uploads\/2014\/03\/1968-Jarama-Cartel.jpg\" width=\"195\" height=\"300\" \/><\/a>Jim Clark<\/strong>, al que, tras su victoria en el primer gran premio de la temporada disputado en <strong>\u00c1frica del Sur<\/strong>, se ve\u00eda como el probable campe\u00f3n del mundo 1968, perd\u00eda la vida el 7 de abril en <strong>Hockenheim<\/strong> mientras disputaba una carrera de <strong>F2<\/strong>. El 12 de mayo, en el <strong>gran premio de Espa\u00f1a<\/strong>, en el circuito del <strong>Jarama<\/strong>, su ausencia dejaba un terrible vac\u00edo. Iba a ser la primera carrera <em>\u00abdespu\u00e9s de <strong>Clark<\/strong>\u00ab<\/em>.<\/p>\n<p style=\"text-align: justify;\">El equipo <strong>Lotus<\/strong> que, evidentemente, no hab\u00eda reemplazado a\u00fan al glorioso escoc\u00e9s, no inscrib\u00eda m\u00e1s que uno de sus prometedores <strong>Lotus 49<\/strong>, presentados con \u00e9xito unos meses antes. Curiosamente, el equipo de <strong>Colin Chapman<\/strong> cambiaba su tradicional <em>\u00abtraje\u00bb<\/em> verde oscuro con banda amarilla por los colores rojo, blanco y oro de su nuevo patrocinador, <strong>Gold Leaf<\/strong>. No cab\u00eda la menor duda que acababa de nacer una nueva \u00e9poca.<\/p>\n<h3 style=\"text-align: justify;\"><em>Una parrilla escu\u00e1lida<\/em><\/h3>\n<p style=\"text-align: justify;\"><strong>Graham Hill<\/strong>, segundo por detr\u00e1s de <strong>Clark<\/strong> en <strong>\u00c1frica del Sur<\/strong>, iba a defender en solitario los nuevos colores de su equipo. Otro encadenamiento dram\u00e1tico de circunstancias obligaba tambi\u00e9n a <strong>BRM<\/strong> a alinear un solo F1 en Espa\u00f1a, el de <strong>Pedro Rodr\u00edguez<\/strong>, su segundo piloto, ya que <strong>Mike Spence<\/strong> hab\u00eda encontrado la muerte unos d\u00edas antes en los entrenamientos de <strong>Indian\u00e1polis<\/strong>.<\/p>\n<p style=\"text-align: justify;\">Por \u00faltimo, tercera ausencia notable, aunque felizmente en este caso tan solo ser\u00eda provisional: la de <strong>Jackie Stewart<\/strong>, herido en una mu\u00f1eca en una prueba de <strong>F2<\/strong> y, por tanto, no disponible para estrenar el nuevo F1 del equipo <strong>Tyrrell<\/strong>: el <strong>Matra MS10<\/strong>. A pesar de su inexperiencia, <strong>Jean-Pierre Beltoise<\/strong>, sin volante, esperando a\u00fan la presentaci\u00f3n del <strong>MS11<\/strong> con motor <strong>Matra<\/strong>, era el designado para asegurar el bautismo. Hasta entonces, no hab\u00eda participado m\u00e1s que en cuatro grandes premios y, m\u00e1s a\u00fan, siempre con <strong>F2<\/strong>&#8230;<\/p>\n<figure id=\"attachment_1126\" aria-describedby=\"caption-attachment-1126\" style=\"width: 300px\" class=\"wp-caption alignright\"><a href=\"http:\/\/f1.manbos.com\/blog\/wp-content\/uploads\/2014\/03\/1968-Jarama-Salida2.jpg\"><img decoding=\"async\" loading=\"lazy\" class=\"size-full wp-image-1126\" alt=\"Tras el banderazo de salida, Rodr\u00edguez, sorprendiendo al &quot;poleman&quot; Amon, coloca su BRM P 126 en cabeza de carrera\" src=\"http:\/\/f1.manbos.com\/blog\/wp-content\/uploads\/2014\/03\/1968-Jarama-Salida2.jpg\" width=\"300\" height=\"168\" \/><\/a><figcaption id=\"caption-attachment-1126\" class=\"wp-caption-text\">Tras el banderazo de salida, Rodr\u00edguez, sorprendiendo al \u00abpoleman\u00bb Amon, coloca su BRM P 126 en cabeza de carrera<\/figcaption><\/figure>\n<p style=\"text-align: justify;\">La parrilla de salida, ya muy precaria, sufr\u00eda en el \u00faltimo momento una ausencia suplementaria, la de <strong>Jack Brabham<\/strong>, ya que su nuevo <strong>Brabham BT26<\/strong>, terminado justo para la segunda sesi\u00f3n de entrenamientos, sufr\u00eda la rotura de su motor antes de que <em>\u00abBlack Jack\u00bb<\/em> tuviera la posibilidad de calificarlo para la carrera.<\/p>\n<p style=\"text-align: justify;\"><strong>Chris Amon<\/strong>, con su <strong>Ferrari<\/strong>, aprovechaba las circunstancias para adjudicarse la <em>\u00abpole position\u00bb<\/em> por delante del <strong>BRM<\/strong> de <strong>Rodr\u00edguez<\/strong> y los soberbios <strong>McLaren M7A<\/strong> de <strong>Denny Hulme<\/strong> y <strong>Bruce McLaren<\/strong> que hab\u00edan causado una gran impresi\u00f3n en sus primeras carreras en <strong>Brands Hatch<\/strong> y <strong>Silverstone<\/strong>, ambas fuera de campeonato. <strong>Graham Hill<\/strong> se contentaba con un sexto tiempo por detr\u00e1s de <strong>Beltoise<\/strong>, pero superando a gente importante como <strong>Surtees<\/strong>, <strong>Rindt<\/strong>, <strong>Ickx<\/strong> y <strong>Scarfiotti<\/strong>, por no citar m\u00e1s que aquellos que&#8230;<\/p>\n<h3 style=\"text-align: justify;\"><em>La g\u00e9nesis del \u00abpiloto maldito\u00bb<\/em><\/h3>\n<p style=\"text-align: justify;\">Felizmente, tres pilotos iban a animar esta primera carrera de la era <em>\u00abdespu\u00e9s de <strong>Clark<\/strong>\u00ab<\/em>, aunque finalmente a ninguno de ellos le acompa\u00f1ar\u00eda la fortuna.<\/p>\n<p style=\"text-align: justify;\">Pedro Rodr\u00edguez rueda en cabeza con el nuevo <strong>BRM P 126<\/strong> dise\u00f1ado por <strong>Len Terry<\/strong>, F1 del que ya se hab\u00eda podido apreciar su excelente comportamiento en pista en la <em>\u00ab<strong>Race of<\/strong> <strong>Champions<\/strong>\u00ab<\/em>, disputada en el dif\u00edcil tobog\u00e1n de <strong>Brands Hatch<\/strong>. A pesar de su combatividad, <strong>Rodr\u00edguez<\/strong> no consigue distanciarse del elegante <strong>Matra MS10<\/strong> azul al volante del cual <strong>Beltoise<\/strong> muestra una sorprendente determinaci\u00f3n.<\/p>\n<p style=\"text-align: justify;\">Despu\u00e9s de doce vueltas, el franc\u00e9s consigue arrebatar la primera plaza a <strong>Rodr\u00edguez<\/strong> despu\u00e9s de una apurada frenada al final de la recta del circuito del <strong>Jarama<\/strong>. No est\u00e1 nada mal para ser su primera carrera al volante de un F1&#8230;<\/p>\n<figure id=\"attachment_1127\" aria-describedby=\"caption-attachment-1127\" style=\"width: 300px\" class=\"wp-caption alignright\"><a href=\"http:\/\/f1.manbos.com\/blog\/wp-content\/uploads\/2014\/03\/1968-Jarama-GrahamHill.jpg\"><img decoding=\"async\" loading=\"lazy\" class=\"size-full wp-image-1127 \" alt=\"Graham Hill, Lotus 49, se encontr\u00f3 con una inesperada victoria, que la fortuna neg\u00f3 a Rodr\u00edguez, Beltoise, Amon...\" src=\"http:\/\/f1.manbos.com\/blog\/wp-content\/uploads\/2014\/03\/1968-Jarama-GrahamHill.jpg\" width=\"300\" height=\"199\" \/><\/a><figcaption id=\"caption-attachment-1127\" class=\"wp-caption-text\">Graham Hill, Lotus 49, se encontr\u00f3 con una inesperada victoria, que la fortuna neg\u00f3 a Rodr\u00edguez, Beltoise, Amon&#8230;<\/figcaption><\/figure>\n<p style=\"text-align: justify;\">Desgraciadamente, el <strong>Matra<\/strong> despide una voluta de humo azul. <strong>Ken Tyrrell<\/strong> ordena a <strong>Beltoise<\/strong> entrar en el taller, pero el franc\u00e9s pasa por delante de \u00e9l con un pulgar levantado, se\u00f1alando que todo funciona bien a bordo. Dado que el panel que le ordena la parada se mantiene desplegado, con el alma destrozada, el franc\u00e9s termina por obedecer la instrucci\u00f3n. Se detecta una fuga en el filtro de aceite del motor <strong>Cosworth<\/strong>. Tras dos vueltas de inmovilizaci\u00f3n intentando taponarla, <strong>Beltoise<\/strong> se incorpora a la carrera, pero nuevamente es reclamado al taller, donde pierde siete vueltas suplementarias. Cuando consigue volver de nuevo a pista, el azar le coloca justo por delante del l\u00edder de carrera: <strong>Chris Amon<\/strong>&#8230;; del que pronto se distancia \u00a1marcando el record de vuelta m\u00e1s r\u00e1pida del circuito!<\/p>\n<p style=\"text-align: justify;\">Aquello a\u00a0 <strong>Amon<\/strong>\u00a0 no le importa mucho. Liberado de la presi\u00f3n de <strong>Rodr\u00edguez<\/strong>, que se hab\u00eda salido de pista en medio de la batalla. Chris no tiene m\u00e1s que un deseo: llegar hasta la meta con absoluta tranquilidad para obtener su primera victoria en F1.<\/p>\n<p style=\"text-align: justify;\">Por desgracia, el bravo <strong>Chris Amon<\/strong> no pod\u00eda adivinar que aquel d\u00eda, 12 de mayo de 1968, comenzaba la g\u00e9nesis de su propia leyenda de piloto maldito, a quien la victoria en F1 iba obstinadamente a neg\u00e1rsele hasta el fin de su carrera deportiva. La recalcitrante alta presi\u00f3n de la bomba de gasolina de su <strong>Ferrari<\/strong> desencaden\u00f3 el primer cap\u00edtulo de esta lamentable historia, reduciendo al silencio el bello V12 italiano.<\/p>\n<p style=\"text-align: justify;\">Agradable sorpresa para el sabio <strong>Graham Hill<\/strong>, que resist\u00eda tenazmente los ataques de <strong>Denny Hulme<\/strong>, que no cedi\u00f3 su presi\u00f3n hasta perder el uso de su 2\u00aa velocidad. <strong>Hill<\/strong> no ten\u00eda m\u00e1s que rodar hacia una victoria que fue acogida como un providencial y oportuno gui\u00f1o del destino al tristemente desaparecido <strong>Jim Clark<\/strong>.<\/p>\n<p style=\"text-align: justify;\">Tras su segunda posici\u00f3n en <strong>Kyalami<\/strong>, esta inesperada victoria le proyectaba a la cabeza del campeonato del mundo, posici\u00f3n que iba de reforzar imponi\u00e9ndose en el gran premio siguiente,<strong> M\u00f3naco<\/strong>, su circuito talism\u00e1n.<\/p>\n<p style=\"text-align: justify;\">Desde entonces, no le restaba m\u00e1s que gestionar aquella ventajosa situaci\u00f3n, lo que hizo no sin brillantez, ya que, como para silenciar a los calumniadores, se adjudic\u00f3 el \u00faltimo gran premio, M\u00e9xico, de su triunfal temporada.<\/p>\n<p style=\"text-align: justify;\"><span style=\"text-decoration: underline;\">\u00a0<a href=\"http:\/\/f1.manbos.com\/blog\/wp-content\/uploads\/2014\/03\/1968-Jarama-Hill.jpg\"><img decoding=\"async\" loading=\"lazy\" class=\"aligncenter size-full wp-image-1128\" alt=\"1968 - Jarama Hill\" src=\"http:\/\/f1.manbos.com\/blog\/wp-content\/uploads\/2014\/03\/1968-Jarama-Hill.jpg\" width=\"300\" height=\"199\" \/><\/a><\/span><\/p>\n<p style=\"padding-left: 60px;\"><em><strong><span style=\"text-decoration: underline;\">Clasificaci\u00f3n<\/span><\/strong><\/em><\/p>\n<ol>\n<li>Graham Hill (Lotus 49 &#8211; Ford) &#8211; 2h 15&#8217;20\u00bb1 (135,842 km\/h)<\/li>\n<li>Denny Hulme (McLaren M7A &#8211; Ford) &#8211; a 15\u00bb9<\/li>\n<li>Brian Redman (Cooper T86B &#8211; BRM) &#8211; a 1 vuelta<\/li>\n<li>Ludovico Scarfiotti (Cooper T86B &#8211; BRM) &#8211; a 1 vuelta<\/li>\n<li>Jean-Pierre Beltoise (Matra MS10 &#8211; Ford) &#8211; a 9 vueltas<\/li>\n<\/ol>\n<p style=\"padding-left: 60px;\"><i>(No se clasificaron m\u00e1s pilotos)<\/i><\/p>\n<p><span style=\"color: #0000ff;\"><em><strong>(*) Johnny Rives<\/strong>\u00a0trabaj\u00f3 en la r\u00fabrica \u201cauto\u201d de L\u2019Equipe de 1960 a 1996, en Sport-Auto de 1973 a 1980 y en la TF1 (Televisi\u00f3n francesa) de 1993 a 1996.<\/em><em><strong><br \/>\n<\/strong><\/em><\/span><\/p>\n<p style=\"text-align: right;\"><span style=\"color: #0000ff;\"><em>(Traducci\u00f3n de Santiago Criado)<\/em><\/span><\/p>\n","protected":false},"excerpt":{"rendered":"<p>Johnny Rives\u00a0(*)\u00a0\/ Sport Auto \u2013 Febrero 2014 Cinco semanas despu\u00e9s del accidente mortal de Jim Clark, Lotus obten\u00eda con Graham Hill la victoria en un gran premio de Espa\u00f1a en el que hab\u00edan destacado Jean-Pierre Beltoise y Chris Amon. Era el comienzo de una nueva&hellip;<\/p>\n","protected":false},"author":2,"featured_media":0,"comment_status":"closed","ping_status":"closed","sticky":false,"template":"","format":"standard","meta":[],"categories":[2,5,6],"tags":[75,151,155,165,166,168,214,230,246,273,319,333,419,429,433,491,507,513,527,529,540,543,556,592,602,622,634,636,682,687,702,728,741,753,806,849,880,919,937,963,1007],"_links":{"self":[{"href":"https:\/\/f1cfa.com\/wordpress\/index.php\/wp-json\/wp\/v2\/posts\/1122"}],"collection":[{"href":"https:\/\/f1cfa.com\/wordpress\/index.php\/wp-json\/wp\/v2\/posts"}],"about":[{"href":"https:\/\/f1cfa.com\/wordpress\/index.php\/wp-json\/wp\/v2\/types\/post"}],"author":[{"embeddable":true,"href":"https:\/\/f1cfa.com\/wordpress\/index.php\/wp-json\/wp\/v2\/users\/2"}],"replies":[{"embeddable":true,"href":"https:\/\/f1cfa.com\/wordpress\/index.php\/wp-json\/wp\/v2\/comments?post=1122"}],"version-history":[{"count":1,"href":"https:\/\/f1cfa.com\/wordpress\/index.php\/wp-json\/wp\/v2\/posts\/1122\/revisions"}],"predecessor-version":[{"id":1504,"href":"https:\/\/f1cfa.com\/wordpress\/index.php\/wp-json\/wp\/v2\/posts\/1122\/revisions\/1504"}],"wp:attachment":[{"href":"https:\/\/f1cfa.com\/wordpress\/index.php\/wp-json\/wp\/v2\/media?parent=1122"}],"wp:term":[{"taxonomy":"category","embeddable":true,"href":"https:\/\/f1cfa.com\/wordpress\/index.php\/wp-json\/wp\/v2\/categories?post=1122"},{"taxonomy":"post_tag","embeddable":true,"href":"https:\/\/f1cfa.com\/wordpress\/index.php\/wp-json\/wp\/v2\/tags?post=1122"}],"curies":[{"name":"wp","href":"https:\/\/api.w.org\/{rel}","templated":true}]}}