{"id":1346,"date":"2015-12-25T01:03:41","date_gmt":"2015-12-25T00:03:41","guid":{"rendered":"http:\/\/f1.manbos.com\/blog\/?p=1346"},"modified":"2018-05-04T19:41:29","modified_gmt":"2018-05-04T17:41:29","slug":"porsche-919-hybrid-verdaderamente-fenomenal","status":"publish","type":"post","link":"https:\/\/f1cfa.com\/wordpress\/index.php\/porsche-919-hybrid-verdaderamente-fenomenal\/","title":{"rendered":"Porsche 919 Hybrid, verdaderamente&#8230; \u00a1fenomenal!"},"content":{"rendered":"<p style=\"text-align: right;\"><span style=\"color: #0000ff;\"><strong><em>Alain Pernot\u00a0<\/em><\/strong>\/ Sport Auto \u2013 Octubre 2015<\/span><\/p>\n<h3 style=\"text-align: justify;\"><em>Vencedor en las \u00faltimas 24 Horas de Le Mans, el Porsche 919 Hybrid es uno de los autom\u00f3viles m\u00e1s complejos que haya conocido el deporte del motor y tambi\u00e9n uno de los m\u00e1s eficaces, a pesar de su peque\u00f1o V4 de 2 litros. <\/em><\/h3>\n<p style=\"text-align: justify;\"><a href=\"http:\/\/f1.manbos.com\/blog\/wp-content\/uploads\/2015\/12\/2015-Porsche919Hybridd.jpg\"><img decoding=\"async\" loading=\"lazy\" class=\"alignright size-medium wp-image-1349\" src=\"http:\/\/f1.manbos.com\/blog\/wp-content\/uploads\/2015\/12\/2015-Porsche919Hybridd-300x168.jpg\" alt=\"2015-Porsche919Hybridd\" width=\"300\" height=\"168\" \/><\/a>Ciertamente que <strong>Porsche<\/strong> aparece en el libro de oro del automovilismo como la marca que ha conseguido el mayor n\u00famero de victorias en las <strong>24 Horas de Le Mans<\/strong>; ciertamente tambi\u00e9n que la marca alemana es un icono del mundo de la resistencia; pero este halagador pedigr\u00ed no ha tenido ninguna utilidad en el proyecto <strong>919 Hybrid<\/strong>.<\/p>\n<p style=\"text-align: justify;\"><a href=\"http:\/\/f1.manbos.com\/blog\/wp-content\/uploads\/2015\/12\/2015-Porsche919Hybriddd.jpg\"><img decoding=\"async\" loading=\"lazy\" class=\"alignright size-medium wp-image-1350\" src=\"http:\/\/f1.manbos.com\/blog\/wp-content\/uploads\/2015\/12\/2015-Porsche919Hybriddd-300x168.jpg\" alt=\"2015-Porsche919Hybriddd\" width=\"300\" height=\"168\" \/><\/a>Desde su \u00faltima victoria en 1998, el constructor de Zuffenhausen hab\u00eda soltado la toma que le conectaba a la competici\u00f3n de alto nivel y cuando se aprob\u00f3 la decisi\u00f3n de regresar, hubo que partir de una hoja en blanco, absolutamente blanca.<\/p>\n<p style=\"text-align: justify;\">Por ello hubo la necesidad de construir una nueva f\u00e1brica, reclutar una oficina de estudios y un nuevo equipo para lanzarse a la concepci\u00f3n de un autom\u00f3vil muy ambicioso partiendo de cero. Una gran aventura en la que <strong>Fritz Entzinger<\/strong> (ex-BMW Sauber), director del proyecto LMP1 para <strong>Porsche<\/strong>, tuvo la m\u00e1xima responsabilidad.<\/p>\n<p style=\"text-align: justify;\">En el plano t\u00e9cnico, es su casi hom\u00f3nimo <strong>Alexander Hitzinger<\/strong> (ex-Red Bull) quien condujo a buen puerto el proyecto de este <strong>919 Hybrid<\/strong>: <em>\u00abPartimos realmente de cero<\/em>, -nos recuerda- <em>ya que no exist\u00eda a\u00fan un reglamento concreto. Cuando se estableci\u00f3 definitivamente el c\u00f3digo deportivo, definimos el concepto del auto. Si nos decantamos por un concepto radical fue \u00fanicamente en base a criterios t\u00e9cnicos y no en raz\u00f3n de orientaciones pol\u00edticas impuestas por la direcci\u00f3n de <strong>Porsche<\/strong>\u00ab<\/em>.<\/p>\n<h3 style=\"text-align: justify;\"><em>Un motor muy atrevido<\/em><\/h3>\n<figure id=\"attachment_1354\" aria-describedby=\"caption-attachment-1354\" style=\"width: 300px\" class=\"wp-caption alignright\"><a href=\"http:\/\/f1.manbos.com\/blog\/wp-content\/uploads\/2015\/12\/2015-Porsche919Hybrid-Motor.jpg\"><img decoding=\"async\" loading=\"lazy\" class=\"size-medium wp-image-1354\" src=\"http:\/\/f1.manbos.com\/blog\/wp-content\/uploads\/2015\/12\/2015-Porsche919Hybrid-Motor-300x199.jpg\" alt=\"(...) un motor muy atrevido: un V4 de 2 litros dotado de un turbo y de dos sistemas h\u00edbridos.\" width=\"300\" height=\"199\" \/><\/a><figcaption id=\"caption-attachment-1354\" class=\"wp-caption-text\">(&#8230;) un motor muy atrevido: un V4 de 2 litros dotado de un turbo y de dos sistemas h\u00edbridos.<\/figcaption><\/figure>\n<p style=\"text-align: justify;\">R\u00e1pidamente, el equipo en fase de formaci\u00f3n se orient\u00f3 hacia un auto con un motor muy atrevido: un <strong>V4 de 2 litros dotado de un turbo y de dos sistemas h\u00edbridos<\/strong>. La puesta a punto de un grupo propulsor de este tipo no result\u00f3 del todo sencilla: <em>\u00abLos primeros meses fueron realmente muy complicados. De hecho, tuvimos un problema recurrente vinculado a las vibraciones generadas por el V4. Aunque encontramos r\u00e1pidamente la soluci\u00f3n t\u00e9cnica, su puesta en pr\u00e1ctica result\u00f3 muy costosa, ya que nos oblig\u00f3 a fabricar numerosas piezas nuevas. Todo ello nos llev\u00f3 cinco largos meses antes de conseguirlo\u00bb<\/em>.<\/p>\n<p style=\"text-align: justify;\">Eso vino bien, ya que la soluci\u00f3n lleg\u00f3 justo en el momento en el que <strong>Mark Webber<\/strong> se incorporaba a nuestra estructura, finales del a\u00f1o 2013. De esta forma, el equipo <strong>Porsche<\/strong> pudo abordar su primera temporada en competici\u00f3n en 2014 con una relativa serenidad. Todos los pilotos tuvieron que modificar su estilo de conducci\u00f3n: <em>\u00abAl principio, resultaba muy duro. Ten\u00edamos el sentimiento de no comprender bien todo lo que ocurr\u00eda\u00bb<\/em>.<\/p>\n<p style=\"text-align: justify;\">El plan no se desarroll\u00f3 de acuerdo a lo previsto: <em>\u00abNuestro objetivo era correr en la clase h\u00edbrida m\u00e1s elevada, es decir la que permite recuperar 8 MJ (megajoules) por vuelta en el circuito de <strong>Le Mans<\/strong><\/em>, recuerda <strong>Alexander Hitzinger<\/strong>. <em>Desgraciadamente, tuvimos que renunciar. T\u00e9cnicamente, esa no era la elecci\u00f3n m\u00e1s adecuada, fundamentalmente a causa del par\u00e1metro peso\u00bb<\/em>.<\/p>\n<p style=\"text-align: justify;\">Conviene recordar que el 919, versi\u00f3n 2014, presentaba en la balanza un sobrepeso de, aproximadamente, treinta kilos con respecto al peso m\u00ednimo reglamentario, lo que supon\u00eda un h\u00e1ndicap de segundo y medio por vuelta en el circuito de la Sarthe.<\/p>\n<p style=\"text-align: justify;\">A pesar de una dif\u00edcil preparaci\u00f3n, el <strong>Porsche 919 Hybrid<\/strong> \u00a0sorprendi\u00f3 en su primera temporada, sobre todo en unas disputad\u00edsimas <strong>24 Horas de Le Mans<\/strong>, tan solo su tercera carrera: <em>\u00abSinceramente, pensaba que rodar\u00edamos algunas vueltas y que despu\u00e9s los coches acumular\u00edan problemas<\/em>, confiesa <strong>Romain Dumas<\/strong> que ha seguido el proyecto desde su inicio. <em>Pero, sorprendentemente, a dos horas del final de la carrera&#8230; \u00a1el <strong>919 Hybrid<\/strong> encabezaba la carrera por delante de <strong>Audi<\/strong> y <strong>Toyota<\/strong>!\u00bb<\/em>.<\/p>\n<p style=\"text-align: justify;\">Finalmente, una aver\u00eda conden\u00f3 la loca esperanza de victoria del equipo <strong>Webber-Bernhard-Hartley<\/strong>. Pero, poco importaba: el <strong>Porsche<\/strong> hab\u00eda despertado la ilusi\u00f3n de toda su gente manteni\u00e9ndose en carrera durante tanto tiempo. Desde entonces, estaba claro que la victoria no iba tardar mucho en llegar. Esta se produjo a finales de noviembre, en <strong>Sao Paulo<\/strong>, en la \u00faltima manga del campeonato 2014, con <strong>Romain Dumas, Marc Lieb <\/strong>y<strong> Neel Jani<\/strong> al volante.<\/p>\n<h3 style=\"text-align: justify;\"><em>90% de piezas nuevas<\/em><\/h3>\n<figure id=\"attachment_1352\" aria-describedby=\"caption-attachment-1352\" style=\"width: 300px\" class=\"wp-caption alignright\"><a href=\"http:\/\/f1.manbos.com\/blog\/wp-content\/uploads\/2015\/12\/2015-Porsche919Hybrid-Hulkenbergg.jpg\"><img decoding=\"async\" loading=\"lazy\" class=\"size-medium wp-image-1352\" src=\"http:\/\/f1.manbos.com\/blog\/wp-content\/uploads\/2015\/12\/2015-Porsche919Hybrid-Hulkenbergg-300x199.jpg\" alt=\"&quot;(...) nada m\u00e1s que paradas de rutina: cargas de gasolina, cambios de neum\u00e1ticos y de pilotos &quot;.\" width=\"300\" height=\"199\" \/><\/a><figcaption id=\"caption-attachment-1352\" class=\"wp-caption-text\">\u00ab(&#8230;) nada m\u00e1s que paradas de rutina: cargas de gasolina, cambios de neum\u00e1ticos y de pilotos \u00ab.<\/figcaption><\/figure>\n<p style=\"text-align: justify;\">Para los ingenieros de <strong>Porsche<\/strong>, esta primera versi\u00f3n del <strong>919 Hybrid<\/strong> no era m\u00e1s que un embri\u00f3n. Desde el inicio del proyecto, estaba claro que el equipo alem\u00e1n disputar\u00eda su segunda temporada con un coche diferente: <em>\u00abLa versi\u00f3n 2015 no es un auto enteramente nuevo. Aunque casi el 90% de sus piezas son nuevas, se trata de una evoluci\u00f3n del mismo concepto\u00bb<\/em>.\u00a0 Est\u00e1 basado en un nuevo chasis, moldeado de una sola pieza, all\u00e1 donde antes estaba compuesto de dos elementos. A la vez m\u00e1s ligero y m\u00e1s r\u00edgido, le ha permitido progresar en el plano aerodin\u00e1mico (contribuyendo, notablemente, a reducir la resistencia) y a nivel de suspensiones, mejorando tambi\u00e9n el comportamiento din\u00e1mico el auto. Esta cura de adelgazamiento permiti\u00f3, sobre todo, al equipo Porsche el paso de la clase 6 MJ a la clase 8M, convirtiendo al 919 en el auto h\u00edbrido m\u00e1s radical del plantel.<\/p>\n<p style=\"text-align: justify;\">No solamente recupera la energ\u00eda en las fases de frenada (como el <strong>Toyota<\/strong> y el <strong>Audi<\/strong>, gracias a un KERS), sino que es el \u00fanico en recuperarla tambi\u00e9n en las fases de aceleraci\u00f3n, gracias a un sistema conectado al turbo. Habituado a las prestaciones de los F1, <strong>Nico H\u00fclkenberg<\/strong> no qued\u00f3 menos impresionado por la bestia: <em>\u00abEnseguida, qued\u00e9 estupefacto por el nivel tecnol\u00f3gico del 919, por la forma en que funciona el sistema h\u00edbrido y por la potencia que desarrolla\u00bb<\/em>.<\/p>\n<h3 style=\"text-align: justify;\"><em>M\u00e1s peso que un F1 pero excitante<\/em><\/h3>\n<p style=\"text-align: justify;\">La potencia recuperada es restituida sobre el tren delantero, lo que hace del 919, a imagen de los <strong>Audi<\/strong> y <strong>Toyota<\/strong>, un cuatro ruedas motrices a tiempo parcial. <em>\u00abEs, evidentemente, muy distinto de un F1<\/em>, precisa <strong>H\u00fclkenberg<\/strong>, <em>Tiene mucha motricidad. La aceleraci\u00f3n en las curvas se genera de forma muy diferente: adicionalmente hay que concentrarse a la salida de ellas con el fin de aprovechar la tracci\u00f3n para maximizar la velocidad lo antes posible en las rectas. Cuando est\u00e1s en el top de la potencia del motor y del sistema h\u00edbrido, el 919 empuja m\u00e1s fuerte que un F1 gracias a sus cuatro ruedas motrices. En F1, el tren trasero est\u00e1 forzosamente limitado en motricidad, por lo que resulta muy dif\u00edcil poder pasar al suelo la integridad de la potencia de la que dispone el coche. En resistencia, esto es posible y sientes una muy fuerte aceleraci\u00f3n. Esto es absolutamente prodigioso. El coche produce tambi\u00e9n bastante apoyo aerodin\u00e1mico. Dicho esto, un F1 sigue siendo m\u00e1s r\u00e1pido en varios segundos, no queda ninguna duda al respecto, pues la diferencia de peso de una centena de kilos se deja sentir. Sin embargo, el Porsche sigue siendo un auto muy excitante\u00bb<\/em>.<\/p>\n<p style=\"text-align: justify;\"><em>\u00abLa recuperaci\u00f3n de potencia es de tal forma importante que impone una delicada gesti\u00f3n<\/em>, afirma <strong>Romain Dumas<\/strong>. <em>De manera general, el sistema est\u00e1 programado de forma que sea transparente para el piloto. Disponemos siempre de un bot\u00f3n que permite aumentar la potencia del motor, por ejemplo, en caso de adelantamiento. A veces, este aumento de potencia puede no resultar muy oportuno, sobre todo entre dos curvas. En ese caso, podemos reprogramar el sistema\u00bb<\/em>.<\/p>\n<h3 style=\"text-align: justify;\"><em>Cinco simulaciones larga duraci\u00f3n<\/em><\/h3>\n<p style=\"text-align: justify;\">Altas prestaciones y excitante, de acuerdo, pero la resistencia es ante todo una cuesti\u00f3n de fiabilidad. Una virtud que no se adquiere de un d\u00eda para otro. Porsche program\u00f3 durante el primer semestre del 2015 una serie de cinco simulaciones de largas distancias.<\/p>\n<p style=\"text-align: justify;\">Desgraciadamente, alguna de ellas no se desarroll\u00f3 de la manera deseada: <em>\u00abEfectivamente, siempre nos encontramos con peque\u00f1os problemas<\/em>, reconoce <strong>Alex Hitzinger<\/strong>. <em>No est\u00e1bamos pues totalmente confiados antes de las <strong>24 Horas de Le Mans<\/strong>. Dicho esto, pienso que para estar confiado al 100% antes de las 24 Horas, es necesario ser un loco o un&#8230; mentiroso. Digamos que est\u00e1bamos seguros de haber resuelto los problemas ya detectados, pero no completamente protegidos de una bomba de retardo\u00bb<\/em>. M\u00e1s que una bomba&#8230; \u00a1fue todo el coche el que salt\u00f3 en la cara de los equipos <strong>Toyota<\/strong> y, sobre todo, <strong>Audi<\/strong>!<\/p>\n<figure id=\"attachment_1353\" aria-describedby=\"caption-attachment-1353\" style=\"width: 300px\" class=\"wp-caption alignright\"><a href=\"http:\/\/f1.manbos.com\/blog\/wp-content\/uploads\/2015\/12\/2015-Porsche919Hybrid-Llegada.jpg\"><img decoding=\"async\" loading=\"lazy\" class=\"size-medium wp-image-1353\" src=\"http:\/\/f1.manbos.com\/blog\/wp-content\/uploads\/2015\/12\/2015-Porsche919Hybrid-Llegada-300x168.jpg\" alt=\"&quot;Conseguir ganar en el segundo a\u00f1o con un coche tan complejo y un equipo reci\u00e9n creado (...) Es algo as\u00ed como si un equipo nuevo de F1 ganase el t\u00edtulo en su segunda temporada&quot;.\" width=\"300\" height=\"168\" srcset=\"https:\/\/f1cfa.com\/wordpress\/wp-content\/uploads\/2015\/12\/2015-Porsche919Hybrid-Llegada-300x168.jpg 300w, https:\/\/f1cfa.com\/wordpress\/wp-content\/uploads\/2015\/12\/2015-Porsche919Hybrid-Llegada.jpg 580w\" sizes=\"(max-width: 300px) 100vw, 300px\" \/><\/a><figcaption id=\"caption-attachment-1353\" class=\"wp-caption-text\">\u00abConseguir ganar en el segundo a\u00f1o con un coche tan complejo y un equipo reci\u00e9n creado (&#8230;) Es algo as\u00ed como si un equipo nuevo de F1 ganase el t\u00edtulo en su segunda temporada\u00bb.<\/figcaption><\/figure>\n<p style=\"text-align: justify;\">Mientras que, entre los observadores, eran numerosos los que consideraban que el <strong>Porsche<\/strong> era r\u00e1pido pero carente de fiabilidad, la firma alemana supo conjugar prestaciones y regularidad.<\/p>\n<p style=\"text-align: justify;\">Ciertamente, el n\u00fam. 18 del equipo <strong>Dumas-Lieb-Jani<\/strong> sufri\u00f3 problemas, mientras que los otros dos <strong>919 Hybrid<\/strong> \u00a0rodaron como relojes. Y si el coche victorioso de <strong>H\u00fclkenberg-Bamber-Tandy<\/strong> (n\u00fam. 19) tuvo una inmovilizaci\u00f3n en su taller en la madrugada, fue \u00fanicamente para cambiar un aler\u00f3n trasero a t\u00edtulo preventivo, como consecuencia de una colisi\u00f3n con uno de los GT. Salvo esa puntual excepci\u00f3n, nada m\u00e1s que paradas de rutina: cargas de gasolina, cambios de neum\u00e1ticos y de pilotos. Se trat\u00f3 de una aut\u00e9ntica proeza para un equipo tan joven.<\/p>\n<p style=\"text-align: justify;\"><strong>Alexander Hitzinger<\/strong> se encuentra muy orgulloso: <em>\u00abConseguir ganar en el segundo a\u00f1o con un coche tan complejo y un equipo reci\u00e9n creado en todos sus elementos veinticuatro meses antes, es un \u00e9xito ciertamente muy dif\u00edcil de valorar desde el exterior. Es algo as\u00ed como si un equipo nuevo de F1 ganase el t\u00edtulo en su segunda temporada. Ser\u00eda&#8230; \u00a1lo nunca visto!\u00bb<\/em>.<\/p>\n<p style=\"text-align: justify;\">\u00a0<a href=\"http:\/\/f1.manbos.com\/blog\/wp-content\/uploads\/2015\/12\/2015-Porsche919Hybrid-Hulkenberg.jpg\"><img decoding=\"async\" loading=\"lazy\" class=\"alignright size-full wp-image-1351\" src=\"http:\/\/f1.manbos.com\/blog\/wp-content\/uploads\/2015\/12\/2015-Porsche919Hybrid-Hulkenberg.jpg\" alt=\"2015-Porsche919Hybrid-Hulkenberg\" width=\"580\" height=\"326\" srcset=\"https:\/\/f1cfa.com\/wordpress\/wp-content\/uploads\/2015\/12\/2015-Porsche919Hybrid-Hulkenberg.jpg 580w, https:\/\/f1cfa.com\/wordpress\/wp-content\/uploads\/2015\/12\/2015-Porsche919Hybrid-Hulkenberg-300x169.jpg 300w\" sizes=\"(max-width: 580px) 100vw, 580px\" \/><\/a><\/p>\n<p style=\"text-align: justify;\"><em>\u00a0<\/em><\/p>\n<h1 style=\"text-align: center;\"><span style=\"color: #000080;\"><em>Ficha T\u00e9cnica<\/em><\/span><\/h1>\n<p style=\"text-align: justify; padding-left: 60px;\"><strong><em>Motor<\/em><\/strong><\/p>\n<ul style=\"text-align: justify;\">\n<li><strong>Tipo<\/strong>: 4 cilindros en V con turbo simple e inyecci\u00f3n directa, 4 v\u00e1lvulas por cilindro, gesti\u00f3n electr\u00f3nica Bosch MS5.6, sistema h\u00edbrido compuesto de un ERS&#8217;K y un ERS&#8217;H.<\/li>\n<li><strong>Cilindrada<\/strong>: 2.000 cm3.<\/li>\n<li><strong>Potencia<\/strong>: + de 750 C.V.<\/li>\n<li><strong>Velocidad m\u00e1xima<\/strong>: 340 km\/h.<\/li>\n<\/ul>\n<p style=\"text-align: justify; padding-left: 60px;\"><strong><em>Transmisi\u00f3n<\/em><\/strong><\/p>\n<ul style=\"text-align: justify;\">\n<li><strong>Tipo<\/strong>: trasera y, parcialmente, delantera.<\/li>\n<li><strong>Caja de cambios<\/strong>: secuencial de siete velocidades y comando hidr\u00e1ulico.<\/li>\n<li><strong>Frenos<\/strong>: discos de carbono<\/li>\n<\/ul>\n<p style=\"text-align: justify; padding-left: 60px;\"><strong><em>Chasis<\/em><\/strong><\/p>\n<ul style=\"text-align: justify;\">\n<li><strong>Tipo<\/strong>: monocasco en carbono compuesto de dos partes.<\/li>\n<li><strong>Suspensiones<\/strong>: tri\u00e1ngulos superpuestos.<\/li>\n<li><strong>Longitud &#8211; Anchura &#8211; Altura<\/strong>: 4.650 &#8211; 1.900 &#8211; 1.050mm.<\/li>\n<li><strong>Peso<\/strong>: 870 kg.<\/li>\n<\/ul>\n<h3 style=\"text-align: justify;\"><strong><em>Inscrito en resistencia hasta 2018<\/em><\/strong><\/h3>\n<p style=\"text-align: justify;\">Como no era cuesti\u00f3n de detenerse en tan buen camino, <strong>Porsche<\/strong> no vacil\u00f3 en alinear en la carrera siguiente a las <strong>24 Horas de Le Mans<\/strong>, disputada en <strong>N\u00fcrburgring<\/strong>, un nuevo paquete aerodin\u00e1mico que le permiti\u00f3 firmar un nuevo doblete consecutivo; el equipo <strong>Webber-Bernhard-Hartley<\/strong> ocupaba en esa ocasi\u00f3n el primer escal\u00f3n del podio.<\/p>\n<p style=\"text-align: justify;\"><a href=\"http:\/\/f1.manbos.com\/blog\/wp-content\/uploads\/2015\/12\/2015-Porsche919Hybrid2018.jpg\"><img decoding=\"async\" loading=\"lazy\" class=\"alignright size-medium wp-image-1348\" src=\"http:\/\/f1.manbos.com\/blog\/wp-content\/uploads\/2015\/12\/2015-Porsche919Hybrid2018-300x168.jpg\" alt=\"2015-Porsche919Hybrid2018\" width=\"300\" height=\"168\" srcset=\"https:\/\/f1cfa.com\/wordpress\/wp-content\/uploads\/2015\/12\/2015-Porsche919Hybrid2018-300x168.jpg 300w, https:\/\/f1cfa.com\/wordpress\/wp-content\/uploads\/2015\/12\/2015-Porsche919Hybrid2018.jpg 580w\" sizes=\"(max-width: 300px) 100vw, 300px\" \/><\/a>Para el pr\u00f3ximo a\u00f1o, una nueva versi\u00f3n del <strong>919 Hybrid<\/strong> est\u00e1 aprobada y ya en estudio: <em>\u00abSer\u00e1 una simple evoluci\u00f3n del coche de 2015, del que conservaremos el chasis. Por el contrario, cambiaremos algunas piezas y, seguramente, continuaremos trabajando sin descanso sobre la aerodin\u00e1mica. Sin embargo, prepararemos un nuevo chasis para 2017\u00bb<\/em>.<\/p>\n<p style=\"text-align: justify;\">Con unos medios financieros manifiestamente m\u00e1s elevados que la concurrencia, el estado mayor de <strong>Porsche<\/strong> precis\u00f3 este pasado verano que su compromiso en resistencia se inscrib\u00eda en el largo plazo, es decir, al menos hasta 2018 \u00a1Esto promete!<\/p>\n<p>&nbsp;<\/p>\n<p style=\"text-align: right;\"><span style=\"color: #0000ff;\"><em>\u00a0(Traducci\u00f3n de Santiago Criado)<\/em><\/span><\/p>\n","protected":false},"excerpt":{"rendered":"<p>Alain Pernot\u00a0\/ Sport Auto \u2013 Octubre 2015 Vencedor en las \u00faltimas 24 Horas de Le Mans, el Porsche 919 Hybrid es uno de los autom\u00f3viles m\u00e1s complejos que haya conocido el deporte del motor y tambi\u00e9n uno de los m\u00e1s eficaces, a pesar de su&hellip;<\/p>\n","protected":false},"author":2,"featured_media":1351,"comment_status":"closed","ping_status":"closed","sticky":false,"template":"","format":"standard","meta":[],"categories":[6,9],"tags":[31,66,85,117,290,395,501,664,669,762,765,776,826,834,894,913,999,1013,1034],"_links":{"self":[{"href":"https:\/\/f1cfa.com\/wordpress\/index.php\/wp-json\/wp\/v2\/posts\/1346"}],"collection":[{"href":"https:\/\/f1cfa.com\/wordpress\/index.php\/wp-json\/wp\/v2\/posts"}],"about":[{"href":"https:\/\/f1cfa.com\/wordpress\/index.php\/wp-json\/wp\/v2\/types\/post"}],"author":[{"embeddable":true,"href":"https:\/\/f1cfa.com\/wordpress\/index.php\/wp-json\/wp\/v2\/users\/2"}],"replies":[{"embeddable":true,"href":"https:\/\/f1cfa.com\/wordpress\/index.php\/wp-json\/wp\/v2\/comments?post=1346"}],"version-history":[{"count":1,"href":"https:\/\/f1cfa.com\/wordpress\/index.php\/wp-json\/wp\/v2\/posts\/1346\/revisions"}],"predecessor-version":[{"id":1495,"href":"https:\/\/f1cfa.com\/wordpress\/index.php\/wp-json\/wp\/v2\/posts\/1346\/revisions\/1495"}],"wp:featuredmedia":[{"embeddable":true,"href":"https:\/\/f1cfa.com\/wordpress\/index.php\/wp-json\/wp\/v2\/media\/1351"}],"wp:attachment":[{"href":"https:\/\/f1cfa.com\/wordpress\/index.php\/wp-json\/wp\/v2\/media?parent=1346"}],"wp:term":[{"taxonomy":"category","embeddable":true,"href":"https:\/\/f1cfa.com\/wordpress\/index.php\/wp-json\/wp\/v2\/categories?post=1346"},{"taxonomy":"post_tag","embeddable":true,"href":"https:\/\/f1cfa.com\/wordpress\/index.php\/wp-json\/wp\/v2\/tags?post=1346"}],"curies":[{"name":"wp","href":"https:\/\/api.w.org\/{rel}","templated":true}]}}