{"id":628,"date":"2013-05-02T00:38:15","date_gmt":"2013-05-01T22:38:15","guid":{"rendered":"http:\/\/f1.manbos.com\/blog\/?p=628"},"modified":"2018-05-04T19:48:00","modified_gmt":"2018-05-04T17:48:00","slug":"gulf-dream-la-rofgo-collection","status":"publish","type":"post","link":"https:\/\/f1cfa.com\/wordpress\/index.php\/gulf-dream-la-rofgo-collection\/","title":{"rendered":"Gulf Dream: La RofGo Collection"},"content":{"rendered":"<p align=\"right\"><span style=\"color: #000080;\"><i>Andrew Frankel y Jean-Louis Raoul<\/i><i> <\/i><i>\/ Sport-Auto, abril 2013 (*)<\/i><\/span><i><\/i><\/p>\n<p style=\"text-align: justify;\"><i><\/i><i>Aplicado a un auto de competici\u00f3n, ese d\u00fao de colores produce milagros: peque\u00f1os y grandes sue\u00f1an con poseer uno. Eso es lo ha acabado por hacer el alem\u00e1n Roald Goethe con su colecci\u00f3n de autos \u00abGulf\u00bb<\/i><\/p>\n<p style=\"text-align: justify;\"><a href=\"http:\/\/f1.manbos.com\/blog\/wp-content\/uploads\/2013\/05\/Vista-general.jpg\"><img decoding=\"async\" loading=\"lazy\" class=\"aligncenter size-full wp-image-636\" alt=\"Vista general\" src=\"http:\/\/f1.manbos.com\/blog\/wp-content\/uploads\/2013\/05\/Vista-general.jpg\" width=\"500\" height=\"333\" srcset=\"https:\/\/f1cfa.com\/wordpress\/wp-content\/uploads\/2013\/05\/Vista-general.jpg 500w, https:\/\/f1cfa.com\/wordpress\/wp-content\/uploads\/2013\/05\/Vista-general-300x200.jpg 300w\" sizes=\"(max-width: 500px) 100vw, 500px\" \/><\/a><\/p>\n<p style=\"text-align: justify;\">De ni\u00f1o, <strong>Roald Goethe<\/strong> qued\u00f3 maravillado con los <strong>Ford GT40<\/strong> Gulf de los a\u00f1os sesenta. Un d\u00eda, prometi\u00f3 no contentarse tan solo con tener un modelo reducido en su mesilla de noche. Aunque le llev\u00f3 cuarenta a\u00f1os, en 2008 se hizo rico y encarg\u00f3 a Adrian Hamilton encontrarle uno \u00bfC\u00f3mo imaginar entonces que aquel GT40 Gulf original no ser\u00eda m\u00e1s que una primera etapa? El resultado es una colecci\u00f3n de 24 autos m\u00e1s un extraordinario cami\u00f3n: la <strong>RofGo<\/strong> <i>(Roald F Goethe)<\/i> <strong>collection<\/strong>.<\/p>\n<p style=\"text-align: justify;\">Esta colecci\u00f3n comienza con el famoso GT40 de 1965 y llega hasta nuestros d\u00edas, con el McLaren MP4-12C GT3 que pilota el propio Goethe. Todos los autos se encuentran en uso y Goethe tiene la intenci\u00f3n de mantenerlos as\u00ed. Como prueba de ello, el 917 acaba de regresar hace muy poco al garaje despu\u00e9s de una temporada en\u00a0 el taller tras un incidente sufrido el verano pasado en <strong>Le Mans Classic<\/strong>, cuando <strong>Vern Schuppan<\/strong>, \u00a0en plena noche, lo estrell\u00f3 contra una barrera para esquivar a otro concurrente.<\/p>\n<p style=\"text-align: justify;\">El origen de estas leyendas sobre ruedas se remonta al encuentro, en 1966, de un piloto amateur, apasionado de las carreras y casualmente vice-presidente de la compa\u00f1\u00eda petrolera Gulf Oil, y <strong>John Wyer<\/strong>. Este \u00faltimo, uno de los m\u00e1s brillantes <i>\u00abteam managers\u00bb <\/i>de la post-guerra, hab\u00eda comenzado su carrera en <strong>Aston Martin<\/strong>, al que hab\u00eda llevado a la victoria en Le Mans en 1959. En 1963, se asoci\u00f3 a <strong>Eric Broadley<\/strong>, de Lola, para desarrollar el <strong>Ford GT40<\/strong>. Cuando Ford se retir\u00f3, el encuentro providencial con <strong>Grady Davis<\/strong>, de la Gulf Oil, permiti\u00f3 continuar la aventura. Ni uno ni otro pod\u00edan imaginar el impacto que tendr\u00eda esa asociaci\u00f3n. A parte del talento, el dinero y el entusiasmo, habr\u00eda que a\u00f1adir el peque\u00f1o punto de ingenio, que permiti\u00f3 convertir aquella aventura en leyenda. Por aquella \u00e9poca, el color de Gulf era azul oscuro, pero <strong>Grady Davis<\/strong> prefiri\u00f3 emplear en los autos que patrocinaba la conjunci\u00f3n de azul celeste y naranja provenientes de la Wilshire Oil, que Gulf acabada de absorber. Buena elecci\u00f3n&#8230;<\/p>\n<p style=\"text-align: justify;\">Aunque podr\u00eda dedicarse un suplemento especial a la colecci\u00f3n, tan solo han sido seleccionado los ocho autos que parecen encarnar mejor el esp\u00edritu de Gulf Racing, sin olvidarse del fenomenal veh\u00edculo a bordo del cual han viajado algunos de ellos.<\/p>\n<p style=\"text-align: justify;\">El cami\u00f3n, un <strong>Mercedes 0317<\/strong> de 1967, es en efecto el veh\u00edculo a bordo del que el <strong>Porsche 917<\/strong> de la colecci\u00f3n realiz\u00f3 su viaje de ida y vuelta a <strong>Le Mans<\/strong> en 1971. Despu\u00e9s de catorce meses de restauraci\u00f3n, y un desembolso de 300.000\u00a3 (357.000\u20ac \/ 465.000US$), este veh\u00edculo de transporte basado en un chasis de autocar, movido por un motor seis cilindros de 10,8 litros y 210 C.V., volver\u00e1 a prestar su servicio en la pr\u00f3xima edici\u00f3n de <strong>Le Mans Classic<\/strong>; en 2014 viajar\u00e1 al circuito con el 908\/3 y el 917 a bordo.<\/p>\n<figure id=\"attachment_630\" aria-describedby=\"caption-attachment-630\" style=\"width: 300px\" class=\"wp-caption alignright\"><a href=\"http:\/\/f1.manbos.com\/blog\/wp-content\/uploads\/2013\/05\/Ford-GT40.jpg\"><img decoding=\"async\" loading=\"lazy\" class=\"size-medium wp-image-630 \" alt=\"FORD GT40 - Con \u00e9l comienza la aventura Gulf..., incluso aunque este modelo fuera construido antes del encuentro de John Wyer y Grady Davis.\" src=\"http:\/\/f1.manbos.com\/blog\/wp-content\/uploads\/2013\/05\/Ford-GT40-300x199.jpg\" width=\"300\" height=\"199\" \/><\/a><figcaption id=\"caption-attachment-630\" class=\"wp-caption-text\"><em><strong>FORD GT40<\/strong><\/em> &#8211; Con \u00e9l comienza la aventura Gulf&#8230;, incluso aunque este modelo fuera construido antes del encuentro de John Wyer y Grady Davis.<\/figcaption><\/figure>\n<p style=\"text-align: justify;\">Iniciamos nuestro particular recorrido, concedi\u00e9ndole el lugar de honor, por el <strong>Ford GT40<\/strong>. No parece necesario recordar sus comienzos en <strong>Le Mans<\/strong> en 1964, y menos a\u00fan la temporada 1965, cuando de los seis autos inscritos, ninguno de ellos consigui\u00f3 atravesar la l\u00ednea de llegada. No fue hasta 1966 cuando los ingenieros llegaron a explotar su potencial y ofrecerle la fiabilidad que le hab\u00eda faltado hasta entonces. Desde 1965, uno de estos autos, entonces propiedad de <strong>Rob Walker<\/strong>, regres\u00f3 a la casa Ford donde cay\u00f3 en el olvido durante dos a\u00f1os. Tiempo suficiente para convertir cualquier auto de competici\u00f3n en material obsoleto&#8230; \u00a1salvo que se tratase del GT40!<\/p>\n<p style=\"text-align: justify;\">El nuevo reglamento de 1968 le era favorable. El antiguo auto de <strong>Rob Walker<\/strong> fue repintado con los colores Gulf, rebautizado (P\/1084) y enviado al combate. Para ser justo, fue su gemelo, el P\/1075, el que consigui\u00f3 los grandes \u00e9xitos, obteniendo la victoria en <strong>Le Mans<\/strong> en 1968 y posteriormente, de manera muy ajustada, en 1969. Este chasis, P\/1084, tan solo consigui\u00f3 llegar cuarto en <strong>Spa<\/strong>, pilotado por <strong>David Hobbs<\/strong> y <strong>Paul Hawkins<\/strong>.<\/p>\n<h2 style=\"text-align: justify;\"><i>El preferido de Brian Redman<\/i><\/h2>\n<p style=\"text-align: justify;\">En el palmar\u00e9s de <strong>Le Mans<\/strong>, el <strong>Porsche 917<\/strong> sucede al GT40. A pesar de no haber conseguido nunca la victoria (contrariamente a lo que parecer\u00eda hacer creer la pel\u00edcula puesta en escena con <strong>Steve McQueen<\/strong>), es una joya que brilla un poco m\u00e1s que el resto en la colecci\u00f3n.<\/p>\n<figure id=\"attachment_635\" aria-describedby=\"caption-attachment-635\" style=\"width: 300px\" class=\"wp-caption alignright\"><a href=\"http:\/\/f1.manbos.com\/blog\/wp-content\/uploads\/2013\/05\/Porsche-9177.jpg\"><img decoding=\"async\" loading=\"lazy\" class=\"size-medium wp-image-635 \" alt=\"PORSCHE 917 - La leyenda absoluta de Le Mans y de Gulf, aunque tan solo consiguiera una ficticia victoria en... \u00a1la pel\u00edcula &quot;Le Mans&quot;!\" src=\"http:\/\/f1.manbos.com\/blog\/wp-content\/uploads\/2013\/05\/Porsche-9177-300x199.jpg\" width=\"300\" height=\"199\" \/><\/a><figcaption id=\"caption-attachment-635\" class=\"wp-caption-text\"><em><strong>PORSCHE 917<\/strong><\/em> &#8211; La leyenda absoluta de Le Mans y de Gulf, aunque tan solo consiguiera una ficticia victoria en&#8230; \u00a1la pel\u00edcula \u00abLe Mans\u00bb!<\/figcaption><\/figure>\n<p style=\"text-align: justify;\">La historia del 917\/26 comienza en 1969 con una serie de pruebas, pero no llega a ser realmente interesante hasta el a\u00f1o siguiente, cuando es inscrito en <strong>Le Mans<\/strong>, pilotado por <strong>David Hobbs<\/strong> y Mike Hailwood. Este \u00faltimo, le hizo sufrir un tratamiento lo suficientemente duro como para que recibiera un nuevo chasis, llevando el n\u00famero 31, y consiguiera la victoria primero en Imola, pilotado por <strong>Brian Redman<\/strong>, y en la \u00faltima carrera del campeonato del mundo en <strong>Zeltweg<\/strong>, esta vez con <strong>Jo Siffert<\/strong> y <strong>Brian Redman<\/strong> al volante.<\/p>\n<p style=\"text-align: justify;\"><strong>Jo Siffert<\/strong> y <strong>Derek Bell<\/strong> llegar\u00edan quintos en <strong>Sebring<\/strong>, en 1971, antes de que <strong>Richard Attwood<\/strong> y <strong>Herbie Muller<\/strong> firmasen el mejor resultado jam\u00e1s obtenido por un 917 Gulf en <strong>Le Mans<\/strong>, llegando segundos con dos vueltas de retraso con respecto al 917 <i>\u00abMartini\u00bb<\/i> de <strong>Gijs van Lennep<\/strong> y <strong>Helmut Marko<\/strong>.<\/p>\n<p style=\"text-align: justify;\">Con el <strong>Porsche 908\/3<\/strong> de 1971, nos alejamos un poco de <strong>Le Mans<\/strong>. En alguna ocasi\u00f3n, <strong>Brian Redman<\/strong> declar\u00f3 que, de todos los autos que hab\u00eda pilotado en su larga carrera profesional, segu\u00eda siendo su preferido. <i>\u00abViendo su distancia entre ejes, casi inexistente, pens\u00e9 que ser\u00eda muy inestable. Pero nada m\u00e1s lejos de la realidad. Era r\u00e1pido, agradable y con su potente ocho cilindros, sus neum\u00e1ticos anchos y su ausencia de apoyo, era un aut\u00e9ntico sue\u00f1o conducirlo en la <strong>Targa Florio<\/strong>\u00ab<\/i>. Esta era la idea, ya que se hab\u00eda dise\u00f1ado para esa prueba y para los 1000 Kil\u00f3metros de <strong>N\u00fcrburgring<\/strong>. Aunque Porsche contaba ya con su 917, el constructor alem\u00e1n estimaba que su fuerza brutal no era la opci\u00f3n m\u00e1s favorable en las colinas sicilianas.<\/p>\n<figure id=\"attachment_634\" aria-describedby=\"caption-attachment-634\" style=\"width: 300px\" class=\"wp-caption alignright\"><a href=\"http:\/\/f1.manbos.com\/blog\/wp-content\/uploads\/2013\/05\/Porsche-908.jpg\"><img decoding=\"async\" loading=\"lazy\" class=\"size-medium wp-image-634\" alt=\"PORSCHE 908\/3 - Para Targa Florio y N\u00fcrburgring, Porsche buscaba la agilidad y la facilidad de conducci\u00f3n con esta barqueta, que contrastaba con la potencia monstruosa del 917.\" src=\"http:\/\/f1.manbos.com\/blog\/wp-content\/uploads\/2013\/05\/Porsche-908-300x199.jpg\" width=\"300\" height=\"199\" \/><\/a><figcaption id=\"caption-attachment-634\" class=\"wp-caption-text\"><em><strong>PORSCHE 908\/3<\/strong><\/em> &#8211; Para Targa Florio y N\u00fcrburgring, Porsche buscaba la agilidad y la facilidad de conducci\u00f3n con esta barqueta, que contrastaba con la potencia monstruosa del 917.<\/figcaption><\/figure>\n<p style=\"text-align: justify;\">La denominaci\u00f3n 908 es un tanto enga\u00f1osa. Aparte de su motor 3 litros, el auto debe muy poco a los 908 anteriores y al ultraligero <strong>909 Bergspyder<\/strong> de 1968, concebido para las carreras de monta\u00f1a, con sus frenos de berilio y sus suspensiones en titanio. El 908\/3, ante todo, deb\u00eda ser fiable, y aunque la ligereza no era realmente su prioridad, su peso de 545 kg (250 kg m\u00e1s ligero que el 917), unido a sus 360 C.V., le convert\u00eda en un auto realmente compacto. Este chasis n\u00ba 12 fue construido para la temporada 1971, pero no lleg\u00f3 a correr m\u00e1s que una sola vez bajo los colores de Gulf <i>(1000 Kil\u00f3metros de <strong>N\u00fcrburgring<\/strong> de 1971, en los que <strong>Jo Siffert<\/strong> y <strong>Derek Bell<\/strong> no consiguieron acabar la carrera)<\/i>.<\/p>\n<h2><i>Un bello regalo de despedida<\/i><\/h2>\n<p style=\"text-align: justify;\">Volvamos a <strong>Le Mans<\/strong> con el <strong>Mirage GR8<\/strong>. Su creaci\u00f3n se remonta a 1967 con el M1, construido por el equipo de <strong>John Wyer<\/strong> sobre la base de un <strong>Ford GT40<\/strong>. Hasta mediados de los a\u00f1os 70 fue inscrito en competici\u00f3n con m\u00e1s o menos fortuna. Dos GR8 fueron alineados en <strong>Le Mans<\/strong> en 1975. La oposici\u00f3n ven\u00eda de <strong>Ligier<\/strong> y Lola, as\u00ed como de una armada de <strong>Porsche 911 RSR<\/strong> inscritos en GT.<\/p>\n<figure id=\"attachment_633\" aria-describedby=\"caption-attachment-633\" style=\"width: 300px\" class=\"wp-caption alignright\"><a href=\"http:\/\/f1.manbos.com\/blog\/wp-content\/uploads\/2013\/05\/Mirage-GR8.jpg\"><img decoding=\"async\" loading=\"lazy\" class=\"size-medium wp-image-633\" alt=\"MIRAGE GR8 - Fue un poco el regalo de despedida de Joh Wyer, su &quot;\u00faltimo&quot; Gulf, celebrado con la victoria en  Le Mans en 1975\" src=\"http:\/\/f1.manbos.com\/blog\/wp-content\/uploads\/2013\/05\/Mirage-GR8-300x199.jpg\" width=\"300\" height=\"199\" \/><\/a><figcaption id=\"caption-attachment-633\" class=\"wp-caption-text\"><em><strong>MIRAGE GR8<\/strong><\/em> &#8211; Fue un poco el regalo de despedida de John Wyer, su \u00ab\u00faltimo\u00bb Gulf, celebrado con la victoria en Le Mans en 1975<\/figcaption><\/figure>\n<p style=\"text-align: justify;\">Este GR8 fue el primer auto\u00a0 pilotado por el d\u00fao <strong>Jacky Ickx<\/strong> y <strong>Derek Bell<\/strong>, el belga ya ten\u00eda seis victorias en <strong>Le Mans<\/strong> en su palmar\u00e9s. Los Mirage estaban equipados por los motores <strong>Ford-Cosworth DFV<\/strong>, adaptados para aguantar las 24 horas, pero tambi\u00e9n para conseguir recorrer el m\u00ednimo de 20 vueltas prescritas entre dos repostajes. A pesar de las restricciones, calificaron primero y segundo, con <strong>Vern Schuppan<\/strong> y <strong>Jean-Pierre Jassaud<\/strong> en el auto gemelo. Despu\u00e9s de haber comandado la carrera, este d\u00fao se retras\u00f3 por problemas el\u00e9ctricos. <strong>Ickx<\/strong> y <strong>Bell<\/strong> tomaron entonces el relevo y establecieron la ventaja necesaria\u00a0 para tener el tiempo suficiente de reemplazar un colector de escape y llegar en cabeza con una vuelta de ventaja sobre el primer <strong>Ligier<\/strong>, a\u00fan a pesar de la rotura de su suspensi\u00f3n trasera. Este era el regalo m\u00e1s bello que se le pod\u00eda hacer a <strong>John Wyer<\/strong> para su despedida de la competici\u00f3n.<\/p>\n<figure id=\"attachment_632\" aria-describedby=\"caption-attachment-632\" style=\"width: 300px\" class=\"wp-caption alignright\"><a href=\"http:\/\/f1.manbos.com\/blog\/wp-content\/uploads\/2013\/05\/McLaren-F1-GTR-Long-Tail.jpg\"><img decoding=\"async\" loading=\"lazy\" class=\"size-medium wp-image-632\" alt=\"McLAREN F1 GT &quot;LONGTAIL&quot; - En 1997, con ocasi\u00f3n de la nueva reglamentaci\u00f3n del campeonato FIA GT, Gordon Murray alarg\u00f3 el F1 GTR y le dio m\u00e1s apoyo.\" src=\"http:\/\/f1.manbos.com\/blog\/wp-content\/uploads\/2013\/05\/McLaren-F1-GTR-Long-Tail-300x199.jpg\" width=\"300\" height=\"199\" \/><\/a><figcaption id=\"caption-attachment-632\" class=\"wp-caption-text\"><strong><em>McLAREN F1 GT \u00abLONGTAIL\u00bb<\/em><\/strong> &#8211; En 1997, con ocasi\u00f3n de la nueva reglamentaci\u00f3n del campeonato FIA GT, Gordon Murray alarg\u00f3 el F1 GTR y le dio m\u00e1s apoyo.<\/figcaption><\/figure>\n<p style=\"text-align: justify;\">Pero la historia no se acaba aqu\u00ed. En los a\u00f1os noventa, los colores Gulf regresan a la competici\u00f3n, esta vez con el <strong>McLaren F1 GTR <i>\u00ablongtail\u00bb<\/i> <\/strong>de 1997. Para un auto que no estaba destinado a la competici\u00f3n, el McLaren F1 cosech\u00f3 grandes triunfos. En 1995, en su primera participaci\u00f3n, gan\u00f3 las <strong>24 Horas de Le Mans<\/strong> y obtuvo dos victorias en la serie BPR.<\/p>\n<p style=\"text-align: justify;\">Las cosas cambiaron en 1997, la serie BPR cedi\u00f3 su plaza al campeonato GT, para el que Mercedes hab\u00eda desarrollado el CLK-GTR, del que tan solo algunos modelos <i>\u00abde calle\u00bb<\/i> fueron comercializados. <strong>Gordon Murray<\/strong> se puso a la tarea y adapt\u00f3 el modelo a las circunstancias, dando nacimiento al <strong>F1 GTR <i>\u00ablongtail\u00bb<\/i><\/strong>, sensiblemente alargado para obtener el apoyo del que carec\u00eda el GTR original. El auto recibi\u00f3 igualmente una caja secuencial y la cilindrada se aument\u00f3 hasta casi los 6 litros.<\/p>\n<p style=\"text-align: justify;\">En las tres primeras carreras, los <i>\u00ablongtails\u00bb<\/i> se impusieron, ya que los Mercedes sufr\u00edan a\u00fan problemas de puesta a punto. El auto con los colores de Gulf estaba pilotado por <strong>John Nielsen <\/strong>y<strong> Thomas Bscher<\/strong>, los campeones BPR de 1995. Termin\u00f3 tercero en <strong>Hockenheim<\/strong> y <strong>Helsinki<\/strong> y, a su volante, <strong>Bscher<\/strong> gan\u00f3, junto con <strong>Georg Lees<\/strong>, los 1000 Kil\u00f3metros de <strong>Monza<\/strong> en 1998.<\/p>\n<figure id=\"attachment_629\" aria-describedby=\"caption-attachment-629\" style=\"width: 300px\" class=\"wp-caption alignright\"><a href=\"http:\/\/f1.manbos.com\/blog\/wp-content\/uploads\/2013\/05\/Aston-Martin-DBR9.jpg\"><img decoding=\"async\" loading=\"lazy\" class=\"size-medium wp-image-629\" alt=\"ASTON MARTIN DBR9 - Protagonista del regreso de Aston Martin a la competici\u00f3n, este ejemplar se impuso en la categor\u00eda GT en 2008 y... \u00a1no se lav\u00f3 despu\u00e9s!\" src=\"http:\/\/f1.manbos.com\/blog\/wp-content\/uploads\/2013\/05\/Aston-Martin-DBR9-300x199.jpg\" width=\"300\" height=\"199\" \/><\/a><figcaption id=\"caption-attachment-629\" class=\"wp-caption-text\"><em><strong>ASTON MARTIN DBR9<\/strong><\/em> &#8211; Protagonista del regreso de Aston Martin a la competici\u00f3n, este ejemplar se impuso en la categor\u00eda GT en 2008 y&#8230; \u00a1no se lav\u00f3 despu\u00e9s!<\/figcaption><\/figure>\n<p style=\"text-align: justify;\">Vuelta a <strong>Le Mans<\/strong>, con el <strong>Aston Martin DBR9<\/strong>. Desde su debut consigui\u00f3 victorias, la primera ganando las 12 Horas de <strong>Sebring<\/strong> de 2005 en categor\u00eda GT. Pero el objetivo principal no era otro que saborear de nuevo la victoria en el m\u00edtico <strong>Le Mans<\/strong>. y, como en los a\u00f1os 50, \u00e9sta se har\u00eda esperar.<\/p>\n<p style=\"text-align: justify;\">En 2005, el DBR9 lleg\u00f3 tercero de los GT, por detr\u00e1s de dos <strong>Chevrolet\u00a0Corvette<\/strong>. En 2006, el DBR9 obtuvo una impresionante sexta plaza en la clasificaci\u00f3n general&#8230;, pero otro <strong>Corvette<\/strong> acababa en la cuarta posici\u00f3n. No fue hasta su tercer intento cuando <strong>Aston Martin<\/strong> consigui\u00f3 al fin subir al escal\u00f3n m\u00e1s alto del podio. El DBR9 de <strong>Darren Turner, David Brabham <\/strong>y<strong> Rikard Rydell<\/strong> termin\u00f3 quinto en la clasificaci\u00f3n general, con una neta ventaja sobre el <strong>Corvette<\/strong> m\u00e1s pr\u00f3ximo.<\/p>\n<p style=\"text-align: justify;\">En 2008, <strong>Brabham<\/strong> y <strong>Turner<\/strong> repitieron el \u00e9xito, junto con <strong>Antonio Garcia<\/strong>, al volante del auto que aparece en la fotograf\u00eda, con toda la suciedad, aceite y golpes acumulados a lo largo de la carrera.<\/p>\n<p style=\"text-align: justify;\">Terminamos nuestra selecci\u00f3n otro <strong>Aston Martin<\/strong>. O, m\u00e1s exactamente, con el <strong>Lola-Aston Martin DBR1-2<\/strong> del 2009. Contrariamente a los flojos Aston de los a\u00f1os 70 y 80, este LMP1 cumpli\u00f3 plenamente su objetivo, figurando a menudo en cabeza de los autos con motor de gasolina. Desgraciadamente, los prototipos diesel eran tan claramente favorecidos por el reglamento que no le quedaba otra opci\u00f3n que esperar a que \u00e9stos rompieran; circunstancia poco probable ante los amplios equipos <strong>Audi <\/strong>y<strong> Peugeot<\/strong>.<\/p>\n<figure id=\"attachment_631\" aria-describedby=\"caption-attachment-631\" style=\"width: 300px\" class=\"wp-caption alignright\"><a href=\"http:\/\/f1.manbos.com\/blog\/wp-content\/uploads\/2013\/05\/Lola-Aston-Martin-DBR-1.jpg\"><img decoding=\"async\" loading=\"lazy\" class=\"size-medium wp-image-631\" alt=\"LOLA-ASTON MARTIN DBR1\/2 - Aunque existan dudas sobre su apelaci\u00f3n, no las hay sobre su palmar\u00e9s. Este proto LMP1 convenci\u00f3 en la pista... \u00a1siempre detr\u00e1s de los diesel! \" src=\"http:\/\/f1.manbos.com\/blog\/wp-content\/uploads\/2013\/05\/Lola-Aston-Martin-DBR-1-300x199.jpg\" width=\"300\" height=\"199\" \/><\/a><figcaption id=\"caption-attachment-631\" class=\"wp-caption-text\"><em><strong>LOLA-ASTON MARTIN DBR1\/2<\/strong><\/em> &#8211; Aunque existan dudas sobre su apelaci\u00f3n, no las hay sobre su palmar\u00e9s. Este proto LMP1 convenci\u00f3 en la pista&#8230; \u00a1siempre detr\u00e1s de los diesel!<\/figcaption><\/figure>\n<p style=\"text-align: justify;\">Tres LMP1 vieron la luz: chasis construidos por Lola, autos desarrollados e inscritos por el equipo <strong>Prodrive<\/strong> y motorizados por un V12 Aston Martin de 6 litros derivado de serie. Pero se estableci\u00f3 un fuerte debate sobre su nombre: Aston quer\u00eda que se denominaran DBR1-2, mientras que Lola sosten\u00eda, con el apoyo de la FIA, que se trataban de autos Lola motorizados por Aston. Sea como fuere, ganaron la serie LMS en 2009. El mismo a\u00f1o, en <strong>Le Mans<\/strong>, dos LMP1 obtuvieron las dos primeras posiciones de la clasificaci\u00f3n oficiosa de los <i>\u00abgasolina\u00bb<\/i>. Este fue el mejor resultado de un Aston en medio siglo de competici\u00f3n. Al a\u00f1o siguiente, en <strong>Sebring<\/strong>, uno de los Lola-Aston accedi\u00f3 a la tercera plaza por detr\u00e1s de dos Peugeot.<\/p>\n<p style=\"text-align: justify;\">El auto de la colecci\u00f3n es el segundo chasis. Generalmente pilotado por <strong>Darren Turner<\/strong>, se clasific\u00f3 segundo en los 1000 Kil\u00f3metros de <strong>N\u00fcrburgring<\/strong> en 2009.<\/p>\n<p style=\"text-align: justify;\">Con esta colecci\u00f3n, <strong>Roald Goethe<\/strong> se sit\u00faa a la cabeza de uno de las m\u00e1s importantes escuder\u00edas de competici\u00f3n de todos los tiempos que, probablemente, continuar\u00e1 creciendo, si Gulf prolonga su patrocinio. No hemos conseguido encontrar ninguna otra marca no automovil\u00edstica que haya dejado una huella tan importante en el mundo de la competici\u00f3n, a lo largo de un per\u00edodo de casi cincuenta a\u00f1os.<\/p>\n<p style=\"text-align: right;\"><span style=\"color: #000080;\"><em>(*) Traducci\u00f3n de Santiago Criado.<\/em><\/span><\/p>\n","protected":false},"excerpt":{"rendered":"<p>Andrew Frankel y Jean-Louis Raoul \/ Sport-Auto, abril 2013 (*) Aplicado a un auto de competici\u00f3n, ese d\u00fao de colores produce milagros: peque\u00f1os y grandes sue\u00f1an con poseer uno. Eso es lo ha acabado por hacer el alem\u00e1n Roald Goethe con su colecci\u00f3n de autos&hellip;<\/p>\n","protected":false},"author":2,"featured_media":0,"comment_status":"closed","ping_status":"closed","sticky":false,"template":"","format":"standard","meta":[],"categories":[2,6,9],"tags":[52,104,115,116,117,161,211,243,257,258,260,274,310,373,378,405,413,426,428,471,472,479,491,530,552,561,569,574,618,619,627,631,632,698,709,725,736,746,776,802,814,827,829,831,844,873,878,885,886,891,929,942,954,971,984,1020,1052],"_links":{"self":[{"href":"https:\/\/f1cfa.com\/wordpress\/index.php\/wp-json\/wp\/v2\/posts\/628"}],"collection":[{"href":"https:\/\/f1cfa.com\/wordpress\/index.php\/wp-json\/wp\/v2\/posts"}],"about":[{"href":"https:\/\/f1cfa.com\/wordpress\/index.php\/wp-json\/wp\/v2\/types\/post"}],"author":[{"embeddable":true,"href":"https:\/\/f1cfa.com\/wordpress\/index.php\/wp-json\/wp\/v2\/users\/2"}],"replies":[{"embeddable":true,"href":"https:\/\/f1cfa.com\/wordpress\/index.php\/wp-json\/wp\/v2\/comments?post=628"}],"version-history":[{"count":1,"href":"https:\/\/f1cfa.com\/wordpress\/index.php\/wp-json\/wp\/v2\/posts\/628\/revisions"}],"predecessor-version":[{"id":1527,"href":"https:\/\/f1cfa.com\/wordpress\/index.php\/wp-json\/wp\/v2\/posts\/628\/revisions\/1527"}],"wp:attachment":[{"href":"https:\/\/f1cfa.com\/wordpress\/index.php\/wp-json\/wp\/v2\/media?parent=628"}],"wp:term":[{"taxonomy":"category","embeddable":true,"href":"https:\/\/f1cfa.com\/wordpress\/index.php\/wp-json\/wp\/v2\/categories?post=628"},{"taxonomy":"post_tag","embeddable":true,"href":"https:\/\/f1cfa.com\/wordpress\/index.php\/wp-json\/wp\/v2\/tags?post=628"}],"curies":[{"name":"wp","href":"https:\/\/api.w.org\/{rel}","templated":true}]}}