{"id":665,"date":"2013-06-14T18:13:29","date_gmt":"2013-06-14T16:13:29","guid":{"rendered":"http:\/\/f1.manbos.com\/blog\/?p=665"},"modified":"2018-05-04T19:47:32","modified_gmt":"2018-05-04T17:47:32","slug":"spa-francorchamps-9-de-junio-de-1968","status":"publish","type":"post","link":"https:\/\/f1cfa.com\/wordpress\/index.php\/spa-francorchamps-9-de-junio-de-1968\/","title":{"rendered":"Spa &#8211; Francorchamps, 9 de junio de 1968"},"content":{"rendered":"<p style=\"text-align: right;\" align=\"right\"><span style=\"color: #0000ff;\"><strong><i>Johnny Rives <\/i><i>(*)<\/i><\/strong> \/ Sport Auto \u2013 Abril 2013<\/span><\/p>\n<h3 style=\"text-align: justify;\"><em>Bruce McLaren consigue su primera victoria en el campeonato del mundo con un F1 llevando su propio nombre. La marca que cre\u00f3 en 1963, McLaren, celebra ahora su 50\u00ba aniversario.<\/em><\/h3>\n<p style=\"text-align: justify;\">Aquel 9 de junio de 1968, <strong>Bruce McLaren<\/strong> cre\u00f3 una sensaci\u00f3n especial adjudic\u00e1ndose el gran premio de B\u00e9lgica, ya que pilotaba un <strong>McLaren<\/strong>. Era 1968 y la nueva reglamentaci\u00f3n de la F1, estrenada dos a\u00f1os antes, alcanzaba al fin su madurez con la creaci\u00f3n de espectaculares monoplazas.<\/p>\n<figure id=\"attachment_667\" aria-describedby=\"caption-attachment-667\" style=\"width: 300px\" class=\"wp-caption alignright\"><a href=\"http:\/\/f1.manbos.com\/blog\/wp-content\/uploads\/2013\/06\/1968-McLaren-Spa-04.jpg\"><img decoding=\"async\" loading=\"lazy\" class=\"size-medium wp-image-667\" alt=\"9 de junio de 1968 - Spa-Francorchamps \/ Fecha hist\u00f3rica en el mundo de la F1. Bruce McLaren obtiene la primera victoria de un monoplaza de F1 construido y desarrollado por su propio piloto\" src=\"http:\/\/f1.manbos.com\/blog\/wp-content\/uploads\/2013\/06\/1968-McLaren-Spa-04-300x199.jpg\" width=\"300\" height=\"199\" \/><\/a><figcaption id=\"caption-attachment-667\" class=\"wp-caption-text\">9 de junio de 1968 &#8211; Spa-Francorchamps \/ Fecha hist\u00f3rica en el mundo de la F1. Bruce McLaren obtiene la primera victoria de un monoplaza de F1 construido y desarrollado por su propio piloto<\/figcaption><\/figure>\n<p style=\"text-align: justify;\">Bruce apenas ten\u00eda veinti\u00fan a\u00f1os cuando atrajo la atenci\u00f3n sobre \u00e9l por primera vez: en el gran premio de Alemania de 1958, al volante de un <strong>Cooper<\/strong> F2, obtuvo la 5\u00aa posici\u00f3n. El a\u00f1o siguiente, <strong>Cooper<\/strong> le inclu\u00eda en el equipo de los grandes premios, donde permaneci\u00f3 fiel hasta 1965.<\/p>\n<p style=\"text-align: justify;\"><strong>Jack Brabham<\/strong>, del que hab\u00eda sido compa\u00f1ero en <strong>Cooper<\/strong>, le mostr\u00f3 el camino a seguir creando su propia marca de veh\u00edculos de competici\u00f3n en 1962. Estando <strong>Cooper<\/strong> en una curva descendente, <strong>McLaren<\/strong> finalmente se decidi\u00f3 por hacer lo mismo. Tras una barqueta propulsada por un potente motor <strong>Chevrolet<\/strong> construida en 1963, abord\u00f3 la F1 como constructor en 1966, con una cilindrada multiplicada por dos aquel mismo a\u00f1o para pasar de 1.500 cm3 a los 3 litros.<\/p>\n<p style=\"text-align: justify;\">La dificultad era encontrar motores competitivos que respondieran a las nuevas normas. <strong>Ferrari<\/strong>, gracias a su rico pasado con los V12 en resistencia, dispon\u00eda de s\u00f3lidas bases para crear un motor as\u00ed. Fue <strong>Brabham<\/strong> el que gan\u00f3 en el rastreo de motores, optando por un V8 aparentemente simplista desarrollado en Australia por la firma <strong>Repco<\/strong> con un bloque motor de serie tomado de <strong>Oldsmobile<\/strong>. Los <strong>Brabham-Repco<\/strong> fueron campeones del mundo en 1966 y 1967. Durante este tiempo, <strong>McLaren<\/strong> se aventuraba en soluciones (Ford Indy) tan variadas como infructuosas.<\/p>\n<h3 style=\"text-align: justify;\"><em>Motor so\u00f1ado y d\u00fao neozeland\u00e9s<\/em><\/h3>\n<p style=\"text-align: justify;\">Todo cambi\u00f3 en 1967 gracias a la aparici\u00f3n de un motor fabricado por <strong>Cosworth<\/strong>, estrenado favorablemente por <strong>Lotus<\/strong> y lanzado con un \u00e9xito considerable en la F1 a partir de 1968. <strong>McLaren<\/strong> no lo dud\u00f3, despu\u00e9s de dos a\u00f1os de zozobra dispon\u00eda al fin del motor so\u00f1ado. Su ingeniero jefe, <strong>Robin Herd<\/strong>, se luci\u00f3 dise\u00f1ando un F1 sobrio y equilibrado, el M7A. Sabiendo que la temporada 1968 ser\u00eda decisiva para su negocio, <strong>Bruce McLaren<\/strong> no dud\u00f3 en convencer a su amigo y compatriota neozeland\u00e9s <strong>Denis<em> \u00abDenny\u00bb<\/em> Hulme<\/strong> en unirse al equipo. Acertada apuesta sin duda.<\/p>\n<p style=\"text-align: justify;\">El campeonato se inicia en una extra\u00f1a fecha, el 1\u00ba de enero en <strong>Kyalami<\/strong>, donde fueron alineados los monoplazas de la temporada precedente, ya que nadie estaba a\u00fan preparado. <strong>Jim Clark<\/strong> aprovecha para obtener la que ser\u00eda la \u00faltima victoria en carrera deportiva. Los nuevos F1 no aparecieron hasta marzo en la <strong>Race of Champions<\/strong> de <strong>Brands Hatch<\/strong> y despu\u00e9s en abril en el <strong>International Trophy<\/strong> de <strong>Silverstone<\/strong>.<\/p>\n<figure id=\"attachment_668\" aria-describedby=\"caption-attachment-668\" style=\"width: 300px\" class=\"wp-caption alignright\"><a href=\"http:\/\/f1.manbos.com\/blog\/wp-content\/uploads\/2013\/06\/1968-McLaren-Spa-05.jpg\"><img decoding=\"async\" loading=\"lazy\" class=\"size-medium wp-image-668\" alt=\"Realmente el McLaren M7A resultaba espectacular con el color naranja, &quot;\u00a1papaya!&quot; de acuerdo con su constructor, de su carrocer\u00eda\" src=\"http:\/\/f1.manbos.com\/blog\/wp-content\/uploads\/2013\/06\/1968-McLaren-Spa-05-300x199.jpg\" width=\"300\" height=\"199\" \/><\/a><figcaption id=\"caption-attachment-668\" class=\"wp-caption-text\">Realmente el McLaren M7A resultaba espectacular con el color naranja, \u00ab\u00a1papaya!\u00bb de acuerdo con su constructor, de su carrocer\u00eda<\/figcaption><\/figure>\n<p style=\"text-align: justify;\">Aunque ambas fuera del campeonato, estas carreras despertaron mucho inter\u00e9s. Con sus nuevos F1, <strong>McLaren<\/strong> y <strong>BRM<\/strong> llamaron mucho la atenci\u00f3n. Especialmente <strong>McLaren<\/strong>, cuyos M7A con un espectacular color naranja (<em>\u00abSu color no es naranja&#8230; \u00a1es color papaya!\u00bb<\/em>, precisaba <strong>McLaren<\/strong>) tuvieron unos inicios espectaculares: victoria de Bruce en <strong>Brands Hatch<\/strong> y, despu\u00e9s, doblete <strong>Hulme<\/strong> &#8211; <strong>McLaren<\/strong> en <strong>Silverstone<\/strong>.<\/p>\n<p style=\"text-align: justify;\">En el gran premio de Espa\u00f1a, un problema con la caja de cambios oblig\u00f3 a <strong>Hulme<\/strong> a ceder la victoria al <strong>Lotus<\/strong> de <strong>Graham Hill<\/strong>. El brit\u00e1nico repetir\u00eda victoria en <strong>M\u00f3naco<\/strong>, donde se le consideraba pr\u00e1cticamente invencible, antes de llegar a <strong>Spa-Francorchamps<\/strong>, para el muy exigente gran premio de B\u00e9lgica.<\/p>\n<p style=\"text-align: justify;\">El comienzo de la temporada hac\u00eda presagiar una carrera muy competitiva: a los <strong>Lotus 49B<\/strong> de <strong>Graham Hill<\/strong> y <strong>Jackie Oliver<\/strong>, los <strong>McLaren<\/strong> de <strong>Bruce<\/strong> y <strong><em>\u00abDenny\u00bb<\/em> Hulme<\/strong> y el <strong>Matra MS10<\/strong> de <strong>Jackie Stewart<\/strong>, todos ellos propulsados por el magn\u00edfico <strong>Ford-Cosworth V8<\/strong>, se enfrentaban formidables m\u00e1quinas animadas por motores, te\u00f3ricamente al menos, m\u00e1s formidables a\u00fan: los V12 ultra-potentes y de una sonoridad fascinante. <strong>Ferrari<\/strong>, con <strong>Chris Amon<\/strong> y <strong>Jacky Ickx<\/strong>, encabezaba este grupo, que compon\u00eda tambi\u00e9n los nuevos y veloces <strong>BRM<\/strong>, entre los que destacaba el P133 de <strong>Pedro Rodr\u00edguez<\/strong>, as\u00ed como el <strong>Honda RA301<\/strong>, en manos de <strong>John Surtees<\/strong>, que pasaba por ser el m\u00e1s potente de todos ellos.<\/p>\n<p style=\"text-align: justify;\">Sorpresa: la parrilla de salida no reflejaba realmente las fuerzas presentes, a pesar incluso de que los <strong>Ferrari<\/strong> de <strong>Amon<\/strong> e <strong>Ickx<\/strong> flanqueaban al <strong>Matra-Ford<\/strong> de <strong>Stewart<\/strong> en la primera l\u00ednea. En efecto, el viernes, muy pocos monoplazas estaban a\u00fan preparados, y como el s\u00e1bado la lluvia cay\u00f3 sin cesar, la jerarqu\u00eda de los entrenamientos se mostr\u00f3 ca\u00f3tica. <strong>McLaren<\/strong>, que se colocaba a casi 9 segundos de la <em>\u00abpole\u00bb<\/em> de <strong>Amon<\/strong>, estaba en la tercera l\u00ednea de salida.<\/p>\n<h3 style=\"text-align: justify;\"><em>Stewart y Rodr\u00edguez sin gasolina<\/em><\/h3>\n<p style=\"text-align: justify;\">La salida daba lugar a un torrente ensordecedor y espectacular. Despu\u00e9s de una vuelta, los V12 marcaban una ligera ventaja ocupando las tres primeras posiciones. John Surtees colocaba su Honda entre los Ferrari de Chris Amon, que encabezaba la carrera,\u00a0 y el de Jacky Ickx, cuyo motor pronto comenz\u00f3 a sonar en 11 cilindros, a pesar de lo cual conseguir\u00eda resistir hasta el final.<\/p>\n<figure id=\"attachment_669\" aria-describedby=\"caption-attachment-669\" style=\"width: 300px\" class=\"wp-caption alignright\"><a href=\"http:\/\/f1.manbos.com\/blog\/wp-content\/uploads\/2013\/06\/1968-McLaren-Spa-06.jpg\"><img decoding=\"async\" loading=\"lazy\" class=\"size-medium wp-image-669\" alt=\"A pesar de que la victoria parec\u00eda cercana, Bruce McLaren tuvo que afrontar el \u00faltimo ataque de Pedro Rodr\u00edguez, si bien, para entonces, el mexicano ya no ten\u00eda suficiente combustible en su BRM\" src=\"http:\/\/f1.manbos.com\/blog\/wp-content\/uploads\/2013\/06\/1968-McLaren-Spa-06-300x199.jpg\" width=\"300\" height=\"199\" \/><\/a><figcaption id=\"caption-attachment-669\" class=\"wp-caption-text\">A pesar de que la victoria parec\u00eda cercana, Bruce McLaren tuvo que afrontar el \u00faltimo ataque de Pedro Rodr\u00edguez, si bien, para entonces, el mexicano ya no ten\u00eda suficiente combustible en su BRM<\/figcaption><\/figure>\n<p style=\"text-align: justify;\">La persecuci\u00f3n estaba comandada por <strong>Denis Hulme<\/strong> y <strong>Jackie Stewart<\/strong>, mientras que <strong>Bruce McLaren<\/strong> se manten\u00eda lejos de ellos. Varios abandonos se encargar\u00edan de ir aclarando pronto la situaci\u00f3n, el peor el del <strong>Cooper-BRM<\/strong> de <strong>Brian Redman<\/strong>, gravemente accidentado tras una rotura de suspensi\u00f3n. Retirado <strong>Amon<\/strong>, <strong>Surtees<\/strong> contaba con 15 de segundos de ventaja sobre <strong>Hulme<\/strong>, cuando tambi\u00e9n abandonaba en la 11\u00aa vuelta de las 28 totales. El <strong>McLaren<\/strong> <em>\u00abpapaya\u00bb<\/em> del campe\u00f3n del mundo estaba acosado por el <strong>Matra<\/strong> azul de <strong>Stewart<\/strong> y <strong>McLaren<\/strong> colocaba su propio M7A en la tercera posici\u00f3n despu\u00e9s de haber rebasado a los <strong>BRM<\/strong> y al <em>\u00abpetardeante\u00bb<\/em> <strong>Ferrari<\/strong> de<strong> Ickx<\/strong>.<\/p>\n<p style=\"text-align: justify;\"><strong>Hulme<\/strong> terminaba tambi\u00e9n por abandonar (rotura de transmisi\u00f3n), dejando el liderato de la carrera a <strong>Stewart<\/strong> con medio minuto de ventaja sobre <em>\u00abBruce Mac\u00bb<\/em>, como se le dec\u00eda entonces, al que <strong>Pedro Rodr\u00edguez<\/strong> (<strong>BRM<\/strong>) no le conced\u00eda el menor respiro.<\/p>\n<p style=\"text-align: justify;\">De repente, en la vuelta 27\u00aa, se produce un golpe teatral: el <strong>Matra<\/strong> de <strong>Stewart<\/strong> comienza a fallar por&#8230; \u00a1falta de combustible! por lo que el escoc\u00e9s lo conduce hasta su taller para un repostaje de combustible. Su carrera estaba perdida&#8230; en buena hora para <strong>McLaren<\/strong> que, a pesar de todo, tuvo que afrontar un \u00faltimo ataque de <strong>Rodr\u00edguez<\/strong> en la frenada de la horquilla de <em>\u00abSource\u00bb<\/em>; aunque el mexicano, con su <strong>BRM<\/strong> tambi\u00e9n muy escaso de combustible, tendr\u00eda que contentarse con acabar la carrera gracias a su propio impulso.<\/p>\n<p style=\"text-align: justify;\">As\u00ed fue como <strong>Bruce McLaren<\/strong> tuvo la fortuna de conseguir su primera victoria en el campeonato del mundo con un F1 llevando su nombre. Aquella fue tambi\u00e9n la cuarta y \u00faltima victoria que consigui\u00f3 inscribir en su palmar\u00e9s. Dos a\u00f1os despu\u00e9s, el 2 de julio de 1970, encontrar\u00eda la muerte probando, en el circuito de <strong>Goodwood<\/strong>, uno de sus formidables <strong>Can-Am<\/strong> que le hab\u00edan reportado numerosos y espectaculares \u00e9xitos en Am\u00e9rica del Norte. En 2013, el a\u00f1o del 50\u00ba aniversario de la creaci\u00f3n del equipo\u00a0<strong>McLaren<\/strong>, su magia a\u00fan se mantiene viva.<\/p>\n<p style=\"text-align: justify;\"><span style=\"text-decoration: underline;\"><br \/>\n<a href=\"http:\/\/f1.manbos.com\/blog\/wp-content\/uploads\/2013\/06\/1968-McLaren-SpaPodio.jpg\"><img decoding=\"async\" loading=\"lazy\" class=\"aligncenter size-full wp-image-670\" alt=\"1968 - McLaren SpaPodio\" src=\"http:\/\/f1.manbos.com\/blog\/wp-content\/uploads\/2013\/06\/1968-McLaren-SpaPodio.jpg\" width=\"550\" height=\"366\" srcset=\"https:\/\/f1cfa.com\/wordpress\/wp-content\/uploads\/2013\/06\/1968-McLaren-SpaPodio.jpg 550w, https:\/\/f1cfa.com\/wordpress\/wp-content\/uploads\/2013\/06\/1968-McLaren-SpaPodio-300x200.jpg 300w\" sizes=\"(max-width: 550px) 100vw, 550px\" \/><\/a><\/span><\/p>\n<p style=\"text-align: justify;\"><span style=\"text-decoration: underline;\">\u00a0<\/span><\/p>\n<p style=\"text-align: justify;\">\u00a0 \u00a0 \u00a0 \u00a0 \u00a0 \u00a0 \u00a0 <em><strong><span style=\"text-decoration: underline;\">Clasificaci\u00f3n final<\/span><\/strong><\/em><\/p>\n<ol>\n<li><strong>Bruce McLaren<\/strong><span style=\"line-height: 1.5;\"> (McLaren-Ford M7A) &#8211; 1h 40&#8217;02\u00bb1 (236,797 km\/h)<\/span><\/li>\n<li><strong>Pedro Rodr\u00edguez<\/strong><span style=\"line-height: 1.5;\"> (BRM P133) a 12\u2019&#8217;1<\/span><\/li>\n<li><strong>Jacky Ickx<\/strong><span style=\"line-height: 1.5;\"> (Ferrari 312) a 39\u00bb6<\/span><\/li>\n<li><strong>Jackie Stewart<\/strong> (Matra-Ford MS10) a 1 vuelta.<\/li>\n<li><strong>Jackie Oliver<\/strong><em id=\"__mceDel\"><em id=\"__mceDel\"><em id=\"__mceDel\"> (Lotus-Ford 49B) a 2 vueltas.<\/em><\/em><\/em><\/li>\n<li><strong>Lucien Bianchi <\/strong><em id=\"__mceDel\"><em id=\"__mceDel\"><em id=\"__mceDel\"><em id=\"__mceDel\"><em id=\"__mceDel\">(Cooper-BRM T86B) a 2 vueltas.<\/em><\/em><\/em><\/em><\/em><span style=\"text-align: justify;\">\u00a0<\/span><\/li>\n<\/ol>\n<p>&nbsp;<\/p>\n<p style=\"text-align: justify;\"><em><span style=\"color: #0000ff;\"><strong>(*) Johnny Rives<\/strong> trabaj\u00f3 en la r\u00fabrica \u201cauto\u201d de L\u2019Equipe de 1960 a 1996, en Sport-Auto de 1973 a 1980 y en la TF1 (Televisi\u00f3n francesa) de 1993 a 1996.<\/span><\/em><b> <\/b><\/p>\n<p style=\"text-align: right;\"><em><span style=\"color: #0000ff;\">(Traducci\u00f3n de Santiago Criado)<\/span><\/em><\/p>\n","protected":false},"excerpt":{"rendered":"<p>Johnny Rives (*) \/ Sport Auto \u2013 Abril 2013 Bruce McLaren consigue su primera victoria en el campeonato del mundo con un F1 llevando su propio nombre. La marca que cre\u00f3 en 1963, McLaren, celebra ahora su 50\u00ba aniversario. Aquel 9 de junio de 1968,&hellip;<\/p>\n","protected":false},"author":2,"featured_media":0,"comment_status":"closed","ping_status":"closed","sticky":false,"template":"","format":"standard","meta":[],"categories":[2,5,6],"tags":[147,153,155,161,165,168,189,210,214,236,237,246,271,273,333,379,422,429,496,520,527,528,529,530,556,570,602,634,637,687,688,696,741,777,806,849,869,888,937,943],"_links":{"self":[{"href":"https:\/\/f1cfa.com\/wordpress\/index.php\/wp-json\/wp\/v2\/posts\/665"}],"collection":[{"href":"https:\/\/f1cfa.com\/wordpress\/index.php\/wp-json\/wp\/v2\/posts"}],"about":[{"href":"https:\/\/f1cfa.com\/wordpress\/index.php\/wp-json\/wp\/v2\/types\/post"}],"author":[{"embeddable":true,"href":"https:\/\/f1cfa.com\/wordpress\/index.php\/wp-json\/wp\/v2\/users\/2"}],"replies":[{"embeddable":true,"href":"https:\/\/f1cfa.com\/wordpress\/index.php\/wp-json\/wp\/v2\/comments?post=665"}],"version-history":[{"count":1,"href":"https:\/\/f1cfa.com\/wordpress\/index.php\/wp-json\/wp\/v2\/posts\/665\/revisions"}],"predecessor-version":[{"id":1524,"href":"https:\/\/f1cfa.com\/wordpress\/index.php\/wp-json\/wp\/v2\/posts\/665\/revisions\/1524"}],"wp:attachment":[{"href":"https:\/\/f1cfa.com\/wordpress\/index.php\/wp-json\/wp\/v2\/media?parent=665"}],"wp:term":[{"taxonomy":"category","embeddable":true,"href":"https:\/\/f1cfa.com\/wordpress\/index.php\/wp-json\/wp\/v2\/categories?post=665"},{"taxonomy":"post_tag","embeddable":true,"href":"https:\/\/f1cfa.com\/wordpress\/index.php\/wp-json\/wp\/v2\/tags?post=665"}],"curies":[{"name":"wp","href":"https:\/\/api.w.org\/{rel}","templated":true}]}}